{"id":374,"date":"2026-04-02T11:59:12","date_gmt":"2026-04-02T11:59:12","guid":{"rendered":"https:\/\/cityspark.be\/?p=374"},"modified":"2026-04-02T11:59:16","modified_gmt":"2026-04-02T11:59:16","slug":"como-preservar-el-equilibrio-mental-en-un-entorno-activo","status":"publish","type":"post","link":"https:\/\/cityspark.be\/es\/como-preservar-el-equilibrio-mental-en-un-entorno-activo\/","title":{"rendered":"C\u00f3mo preservar el equilibrio mental en un entorno activo?"},"content":{"rendered":"\n<p>En un mundo donde la rapidez y la eficiencia suelen ser prioritarias, se vuelve esencial comprender c\u00f3mo preservar el equilibrio mental en un entorno activo. Este tema es particularmente importante, especialmente con el aumento de las demandas profesionales y personales que enfrentamos cada d\u00eda. Este art\u00edculo te propone estrategias pr\u00e1cticas y efectivas para gestionar tu salud mental y mantener tu bienestar.<\/p>\n\n\n\n<h3 class=\"wp-block-heading\">Los desaf\u00edos de un entorno activo<\/h3>\n\n\n\n<h4 class=\"wp-block-heading\">Sobrecarga de informaci\u00f3n<\/h4>\n\n\n\n<p>En un entorno activo, a menudo estamos bombardeados con informaci\u00f3n. Ya sea a trav\u00e9s de las redes sociales, el trabajo o incluso nuestra vida personal, esta sobrecarga puede generar estr\u00e9s y ansiedad.<\/p>\n\n\n\n<h4 class=\"wp-block-heading\">Presi\u00f3n del tiempo<\/h4>\n\n\n\n<p>La presi\u00f3n de tener que cumplir numerosas tareas en un plazo limitado tambi\u00e9n puede afectar nuestro equilibrio mental. Las soluciones que encontramos en este tipo de situaciones pueden, a veces, ser contraproducentes.<\/p>\n\n\n\n<h3 class=\"wp-block-heading\">Estrategias para preservar el equilibrio mental<\/h3>\n\n\n\n<h4 class=\"wp-block-heading\">Establecer prioridades<\/h4>\n\n\n\n<p>Para gestionar mejor tu tiempo en un entorno activo, es crucial definir tus prioridades. Algunos consejos:<\/p>\n\n\n\n<ul class=\"wp-block-list\">\n<li><strong>Lista de tareas<\/strong>: Escribe todas las tareas a realizar para visualizar mejor tu carga de trabajo.<\/li>\n\n\n\n<li><strong>Identifica urgencias<\/strong>: Clasifica las tareas seg\u00fan su urgencia e importancia.<\/li>\n\n\n\n<li><strong>Conc\u00e9ntrate en lo esencial<\/strong>: Aprende a decir \u201cno\u201d a ciertas solicitudes, lo que te permitir\u00e1 enfocarte en lo realmente importante.<\/li>\n<\/ul>\n\n\n\n<h4 class=\"wp-block-heading\">Practicar la atenci\u00f3n plena (mindfulness)<\/h4>\n\n\n\n<p>La atenci\u00f3n plena es una t\u00e9cnica eficaz para reenfocarse. As\u00ed puedes integrarla en tu d\u00eda a d\u00eda:<\/p>\n\n\n\n<ul class=\"wp-block-list\">\n<li><strong>Meditaci\u00f3n diaria<\/strong>: Dedica unos minutos cada d\u00eda a la meditaci\u00f3n para calmar tu mente.<\/li>\n\n\n\n<li><strong>Respiraci\u00f3n consciente<\/strong>: T\u00f3mate un momento para practicar ejercicios de respiraci\u00f3n cuando te sientas estresado.<\/li>\n\n\n\n<li><strong>Momentos de pausa<\/strong>: Haz pausas regulares para reenfocarte y recargar energ\u00eda.<\/li>\n<\/ul>\n\n\n\n<h4 class=\"wp-block-heading\">Crear un entorno positivo<\/h4>\n\n\n\n<p>El ambiente en el que nos desenvolvemos tambi\u00e9n juega un papel importante en nuestro equilibrio mental. Algunas ideas para mejorar tu entorno:<\/p>\n\n\n\n<ul class=\"wp-block-list\">\n<li><strong>Despejar espacios<\/strong>: Un lugar ordenado permite concentrarse mejor.<\/li>\n\n\n\n<li><strong>A\u00f1adir plantas<\/strong>: Las plantas mejoran la atm\u00f3sfera y el bienestar general.<\/li>\n\n\n\n<li><strong>Luz natural<\/strong>: Aprovecha al m\u00e1ximo la luz natural para fortalecer el \u00e1nimo.<\/li>\n<\/ul>\n\n\n\n<h3 class=\"wp-block-heading\">Mantener un buen equilibrio entre vida profesional y personal<\/h3>\n\n\n\n<h4 class=\"wp-block-heading\">Establecer l\u00edmites saludables<\/h4>\n\n\n\n<p>Es fundamental separar la vida profesional de la personal. Consejos pr\u00e1cticos:<\/p>\n\n\n\n<ul class=\"wp-block-list\">\n<li><strong>Establece horarios<\/strong>: Limita tus horas de trabajo para estar disponible para otras actividades.<\/li>\n\n\n\n<li><strong>Descon\u00e9ctate al final del d\u00eda<\/strong>: Evita revisar correos laborales fuera del horario de trabajo.<\/li>\n\n\n\n<li><strong>Planifica actividades personales<\/strong>: Reserva tiempo regularmente para tus hobbies o para compartir con tus seres queridos.<\/li>\n<\/ul>\n\n\n\n<h4 class=\"wp-block-heading\">Cuidarse a uno mismo<\/h4>\n\n\n\n<p>No olvides dedicar tiempo a ti mismo. Algunas sugerencias:<\/p>\n\n\n\n<ul class=\"wp-block-list\">\n<li><strong>Ejercicio f\u00edsico<\/strong>: La actividad f\u00edsica es una excelente manera de reducir el estr\u00e9s y mantenerse en forma.<\/li>\n\n\n\n<li><strong>Alimentaci\u00f3n equilibrada<\/strong>: Una buena nutrici\u00f3n es esencial para mantener tu energ\u00eda y bienestar.<\/li>\n\n\n\n<li><strong>Sue\u00f1o reparador<\/strong>: Aseg\u00farate de dormir bien para una mejor recuperaci\u00f3n f\u00edsica y mental.<\/li>\n<\/ul>\n\n\n\n<h3 class=\"wp-block-heading\">Conclusi\u00f3n<\/h3>\n\n\n\n<p>Preservar el equilibrio mental en un entorno activo no es tarea f\u00e1cil, pero es totalmente posible con las estrategias adecuadas. Estableciendo prioridades, practicando la atenci\u00f3n plena y creando un entorno positivo, puedes mejorar significativamente tu bienestar. Recuerda que cuidarte y establecer l\u00edmites entre tu vida personal y profesional es esencial para mantener la serenidad y la concentraci\u00f3n. Adopta estas buenas pr\u00e1cticas y da un paso hacia un equilibrio mental duradero.<\/p>\n","protected":false},"excerpt":{"rendered":"<p>En un mundo donde la rapidez y la eficiencia suelen ser prioritarias, se vuelve esencial comprender c\u00f3mo preservar el equilibrio mental en un entorno activo. Este tema es particularmente importante, especialmente con el aumento de las demandas profesionales y personales que enfrentamos cada d\u00eda. Este art\u00edculo te propone estrategias pr\u00e1cticas y efectivas para gestionar tu [&hellip;]<\/p>\n","protected":false},"author":2,"featured_media":376,"comment_status":"open","ping_status":"open","sticky":false,"template":"","format":"standard","meta":{"footnotes":""},"categories":[260,263],"tags":[],"class_list":["post-374","post","type-post","status-publish","format-standard","has-post-thumbnail","hentry","category-bienestar","category-equilibrio-y-serenidad"],"yoast_head":"<!-- This site is optimized with the Yoast SEO plugin v26.9 - https:\/\/yoast.com\/product\/yoast-seo-wordpress\/ -->\n<title>C\u00f3mo preservar el equilibrio mental en un entorno activo? - CitySpark.be<\/title>\n<meta name=\"robots\" content=\"index, follow, max-snippet:-1, max-image-preview:large, max-video-preview:-1\" \/>\n<link rel=\"canonical\" href=\"https:\/\/cityspark.be\/es\/como-preservar-el-equilibrio-mental-en-un-entorno-activo\/\" \/>\n<meta property=\"og:locale\" content=\"es_ES\" \/>\n<meta property=\"og:type\" content=\"article\" \/>\n<meta property=\"og:title\" content=\"C\u00f3mo preservar el equilibrio mental en un entorno activo? - CitySpark.be\" \/>\n<meta property=\"og:description\" content=\"En un mundo donde la rapidez y la eficiencia suelen ser prioritarias, se vuelve esencial comprender c\u00f3mo preservar el equilibrio mental en un entorno activo. Este tema es particularmente importante, especialmente con el aumento de las demandas profesionales y personales que enfrentamos cada d\u00eda. Este art\u00edculo te propone estrategias pr\u00e1cticas y efectivas para gestionar tu [&hellip;]\" \/>\n<meta property=\"og:url\" content=\"https:\/\/cityspark.be\/es\/como-preservar-el-equilibrio-mental-en-un-entorno-activo\/\" \/>\n<meta property=\"og:site_name\" content=\"CitySpark.be\" \/>\n<meta property=\"article:published_time\" content=\"2026-04-02T11:59:12+00:00\" \/>\n<meta property=\"article:modified_time\" content=\"2026-04-02T11:59:16+00:00\" \/>\n<meta property=\"og:image\" content=\"https:\/\/cityspark.be\/wp-content\/uploads\/2026\/04\/fabianct__Comment_preserver_son_equilibre_mental_dans_un_enviro_14db8d14-5fe8-4a86-8a35-f83a62cf2fa6.webp\" \/>\n\t<meta property=\"og:image:width\" content=\"809\" \/>\n\t<meta property=\"og:image:height\" content=\"809\" \/>\n\t<meta property=\"og:image:type\" content=\"image\/webp\" \/>\n<meta name=\"author\" content=\"info@kwizera.bi\" \/>\n<meta name=\"twitter:card\" content=\"summary_large_image\" \/>\n<meta name=\"twitter:label1\" content=\"Escrito por\" \/>\n\t<meta name=\"twitter:data1\" content=\"info@kwizera.bi\" \/>\n\t<meta name=\"twitter:label2\" content=\"Tiempo de lectura\" \/>\n\t<meta name=\"twitter:data2\" content=\"3 minutos\" \/>\n<script type=\"application\/ld+json\" class=\"yoast-schema-graph\">{\"@context\":\"https:\/\/schema.org\",\"@graph\":[{\"@type\":\"Article\",\"@id\":\"https:\/\/cityspark.be\/es\/como-preservar-el-equilibrio-mental-en-un-entorno-activo\/#article\",\"isPartOf\":{\"@id\":\"https:\/\/cityspark.be\/es\/como-preservar-el-equilibrio-mental-en-un-entorno-activo\/\"},\"author\":{\"name\":\"info@kwizera.bi\",\"@id\":\"https:\/\/cityspark.be\/es\/#\/schema\/person\/acaa292fa54e45a68615511970ad7a1a\"},\"headline\":\"C\u00f3mo preservar el equilibrio mental en un entorno activo?\",\"datePublished\":\"2026-04-02T11:59:12+00:00\",\"dateModified\":\"2026-04-02T11:59:16+00:00\",\"mainEntityOfPage\":{\"@id\":\"https:\/\/cityspark.be\/es\/como-preservar-el-equilibrio-mental-en-un-entorno-activo\/\"},\"wordCount\":578,\"commentCount\":0,\"publisher\":{\"@id\":\"https:\/\/cityspark.be\/es\/#organization\"},\"image\":{\"@id\":\"https:\/\/cityspark.be\/es\/como-preservar-el-equilibrio-mental-en-un-entorno-activo\/#primaryimage\"},\"thumbnailUrl\":\"https:\/\/cityspark.be\/wp-content\/uploads\/2026\/04\/fabianct__Comment_preserver_son_equilibre_mental_dans_un_enviro_14db8d14-5fe8-4a86-8a35-f83a62cf2fa6.webp\",\"articleSection\":[\"Bienestar\",\"Equilibrio y serenidad\"],\"inLanguage\":\"es\",\"potentialAction\":[{\"@type\":\"CommentAction\",\"name\":\"Comment\",\"target\":[\"https:\/\/cityspark.be\/es\/como-preservar-el-equilibrio-mental-en-un-entorno-activo\/#respond\"]}]},{\"@type\":\"WebPage\",\"@id\":\"https:\/\/cityspark.be\/es\/como-preservar-el-equilibrio-mental-en-un-entorno-activo\/\",\"url\":\"https:\/\/cityspark.be\/es\/como-preservar-el-equilibrio-mental-en-un-entorno-activo\/\",\"name\":\"C\u00f3mo preservar el equilibrio mental en un entorno activo? - CitySpark.be\",\"isPartOf\":{\"@id\":\"https:\/\/cityspark.be\/es\/#website\"},\"primaryImageOfPage\":{\"@id\":\"https:\/\/cityspark.be\/es\/como-preservar-el-equilibrio-mental-en-un-entorno-activo\/#primaryimage\"},\"image\":{\"@id\":\"https:\/\/cityspark.be\/es\/como-preservar-el-equilibrio-mental-en-un-entorno-activo\/#primaryimage\"},\"thumbnailUrl\":\"https:\/\/cityspark.be\/wp-content\/uploads\/2026\/04\/fabianct__Comment_preserver_son_equilibre_mental_dans_un_enviro_14db8d14-5fe8-4a86-8a35-f83a62cf2fa6.webp\",\"datePublished\":\"2026-04-02T11:59:12+00:00\",\"dateModified\":\"2026-04-02T11:59:16+00:00\",\"breadcrumb\":{\"@id\":\"https:\/\/cityspark.be\/es\/como-preservar-el-equilibrio-mental-en-un-entorno-activo\/#breadcrumb\"},\"inLanguage\":\"es\",\"potentialAction\":[{\"@type\":\"ReadAction\",\"target\":[\"https:\/\/cityspark.be\/es\/como-preservar-el-equilibrio-mental-en-un-entorno-activo\/\"]}]},{\"@type\":\"ImageObject\",\"inLanguage\":\"es\",\"@id\":\"https:\/\/cityspark.be\/es\/como-preservar-el-equilibrio-mental-en-un-entorno-activo\/#primaryimage\",\"url\":\"https:\/\/cityspark.be\/wp-content\/uploads\/2026\/04\/fabianct__Comment_preserver_son_equilibre_mental_dans_un_enviro_14db8d14-5fe8-4a86-8a35-f83a62cf2fa6.webp\",\"contentUrl\":\"https:\/\/cityspark.be\/wp-content\/uploads\/2026\/04\/fabianct__Comment_preserver_son_equilibre_mental_dans_un_enviro_14db8d14-5fe8-4a86-8a35-f83a62cf2fa6.webp\",\"width\":809,\"height\":809},{\"@type\":\"BreadcrumbList\",\"@id\":\"https:\/\/cityspark.be\/es\/como-preservar-el-equilibrio-mental-en-un-entorno-activo\/#breadcrumb\",\"itemListElement\":[{\"@type\":\"ListItem\",\"position\":1,\"name\":\"Home\",\"item\":\"https:\/\/cityspark.be\/es\/inicio\/\"},{\"@type\":\"ListItem\",\"position\":2,\"name\":\"C\u00f3mo preservar el equilibrio mental en un entorno activo?\"}]},{\"@type\":\"WebSite\",\"@id\":\"https:\/\/cityspark.be\/es\/#website\",\"url\":\"https:\/\/cityspark.be\/es\/\",\"name\":\"CitySpark.be\",\"description\":\"\",\"publisher\":{\"@id\":\"https:\/\/cityspark.be\/es\/#organization\"},\"potentialAction\":[{\"@type\":\"SearchAction\",\"target\":{\"@type\":\"EntryPoint\",\"urlTemplate\":\"https:\/\/cityspark.be\/es\/?s={search_term_string}\"},\"query-input\":{\"@type\":\"PropertyValueSpecification\",\"valueRequired\":true,\"valueName\":\"search_term_string\"}}],\"inLanguage\":\"es\"},{\"@type\":\"Organization\",\"@id\":\"https:\/\/cityspark.be\/es\/#organization\",\"name\":\"CitySpark.be\",\"url\":\"https:\/\/cityspark.be\/es\/\",\"logo\":{\"@type\":\"ImageObject\",\"inLanguage\":\"es\",\"@id\":\"https:\/\/cityspark.be\/es\/#\/schema\/logo\/image\/\",\"url\":\"https:\/\/cityspark.be\/wp-content\/uploads\/2026\/02\/fabianct__2D_abstract_logo_symbol_for_an_urban_lifestyle_brand._df539af6-43e6-40a2-b315-b0356e0de4d1-removebg-preview.png\",\"contentUrl\":\"https:\/\/cityspark.be\/wp-content\/uploads\/2026\/02\/fabianct__2D_abstract_logo_symbol_for_an_urban_lifestyle_brand._df539af6-43e6-40a2-b315-b0356e0de4d1-removebg-preview.png\",\"width\":500,\"height\":500,\"caption\":\"CitySpark.be\"},\"image\":{\"@id\":\"https:\/\/cityspark.be\/es\/#\/schema\/logo\/image\/\"}},{\"@type\":\"Person\",\"@id\":\"https:\/\/cityspark.be\/es\/#\/schema\/person\/acaa292fa54e45a68615511970ad7a1a\",\"name\":\"info@kwizera.bi\",\"image\":{\"@type\":\"ImageObject\",\"inLanguage\":\"es\",\"@id\":\"https:\/\/cityspark.be\/es\/#\/schema\/person\/image\/\",\"url\":\"https:\/\/secure.gravatar.com\/avatar\/4b255983682351b7e77d4eac407a99eba8ae0c62610677afbc95111e673d4af9?s=96&d=mm&r=g\",\"contentUrl\":\"https:\/\/secure.gravatar.com\/avatar\/4b255983682351b7e77d4eac407a99eba8ae0c62610677afbc95111e673d4af9?s=96&d=mm&r=g\",\"caption\":\"info@kwizera.bi\"},\"url\":\"https:\/\/cityspark.be\/es\/author\/infokwizera-bi\/\"}]}<\/script>\n<!-- \/ Yoast SEO plugin. -->","yoast_head_json":{"title":"C\u00f3mo preservar el equilibrio mental en un entorno activo? - CitySpark.be","robots":{"index":"index","follow":"follow","max-snippet":"max-snippet:-1","max-image-preview":"max-image-preview:large","max-video-preview":"max-video-preview:-1"},"canonical":"https:\/\/cityspark.be\/es\/como-preservar-el-equilibrio-mental-en-un-entorno-activo\/","og_locale":"es_ES","og_type":"article","og_title":"C\u00f3mo preservar el equilibrio mental en un entorno activo? - CitySpark.be","og_description":"En un mundo donde la rapidez y la eficiencia suelen ser prioritarias, se vuelve esencial comprender c\u00f3mo preservar el equilibrio mental en un entorno activo. Este tema es particularmente importante, especialmente con el aumento de las demandas profesionales y personales que enfrentamos cada d\u00eda. Este art\u00edculo te propone estrategias pr\u00e1cticas y efectivas para gestionar tu [&hellip;]","og_url":"https:\/\/cityspark.be\/es\/como-preservar-el-equilibrio-mental-en-un-entorno-activo\/","og_site_name":"CitySpark.be","article_published_time":"2026-04-02T11:59:12+00:00","article_modified_time":"2026-04-02T11:59:16+00:00","og_image":[{"width":809,"height":809,"url":"https:\/\/cityspark.be\/wp-content\/uploads\/2026\/04\/fabianct__Comment_preserver_son_equilibre_mental_dans_un_enviro_14db8d14-5fe8-4a86-8a35-f83a62cf2fa6.webp","type":"image\/webp"}],"author":"info@kwizera.bi","twitter_card":"summary_large_image","twitter_misc":{"Escrito por":"info@kwizera.bi","Tiempo de lectura":"3 minutos"},"schema":{"@context":"https:\/\/schema.org","@graph":[{"@type":"Article","@id":"https:\/\/cityspark.be\/es\/como-preservar-el-equilibrio-mental-en-un-entorno-activo\/#article","isPartOf":{"@id":"https:\/\/cityspark.be\/es\/como-preservar-el-equilibrio-mental-en-un-entorno-activo\/"},"author":{"name":"info@kwizera.bi","@id":"https:\/\/cityspark.be\/es\/#\/schema\/person\/acaa292fa54e45a68615511970ad7a1a"},"headline":"C\u00f3mo preservar el equilibrio mental en un entorno activo?","datePublished":"2026-04-02T11:59:12+00:00","dateModified":"2026-04-02T11:59:16+00:00","mainEntityOfPage":{"@id":"https:\/\/cityspark.be\/es\/como-preservar-el-equilibrio-mental-en-un-entorno-activo\/"},"wordCount":578,"commentCount":0,"publisher":{"@id":"https:\/\/cityspark.be\/es\/#organization"},"image":{"@id":"https:\/\/cityspark.be\/es\/como-preservar-el-equilibrio-mental-en-un-entorno-activo\/#primaryimage"},"thumbnailUrl":"https:\/\/cityspark.be\/wp-content\/uploads\/2026\/04\/fabianct__Comment_preserver_son_equilibre_mental_dans_un_enviro_14db8d14-5fe8-4a86-8a35-f83a62cf2fa6.webp","articleSection":["Bienestar","Equilibrio y serenidad"],"inLanguage":"es","potentialAction":[{"@type":"CommentAction","name":"Comment","target":["https:\/\/cityspark.be\/es\/como-preservar-el-equilibrio-mental-en-un-entorno-activo\/#respond"]}]},{"@type":"WebPage","@id":"https:\/\/cityspark.be\/es\/como-preservar-el-equilibrio-mental-en-un-entorno-activo\/","url":"https:\/\/cityspark.be\/es\/como-preservar-el-equilibrio-mental-en-un-entorno-activo\/","name":"C\u00f3mo preservar el equilibrio mental en un entorno activo? - CitySpark.be","isPartOf":{"@id":"https:\/\/cityspark.be\/es\/#website"},"primaryImageOfPage":{"@id":"https:\/\/cityspark.be\/es\/como-preservar-el-equilibrio-mental-en-un-entorno-activo\/#primaryimage"},"image":{"@id":"https:\/\/cityspark.be\/es\/como-preservar-el-equilibrio-mental-en-un-entorno-activo\/#primaryimage"},"thumbnailUrl":"https:\/\/cityspark.be\/wp-content\/uploads\/2026\/04\/fabianct__Comment_preserver_son_equilibre_mental_dans_un_enviro_14db8d14-5fe8-4a86-8a35-f83a62cf2fa6.webp","datePublished":"2026-04-02T11:59:12+00:00","dateModified":"2026-04-02T11:59:16+00:00","breadcrumb":{"@id":"https:\/\/cityspark.be\/es\/como-preservar-el-equilibrio-mental-en-un-entorno-activo\/#breadcrumb"},"inLanguage":"es","potentialAction":[{"@type":"ReadAction","target":["https:\/\/cityspark.be\/es\/como-preservar-el-equilibrio-mental-en-un-entorno-activo\/"]}]},{"@type":"ImageObject","inLanguage":"es","@id":"https:\/\/cityspark.be\/es\/como-preservar-el-equilibrio-mental-en-un-entorno-activo\/#primaryimage","url":"https:\/\/cityspark.be\/wp-content\/uploads\/2026\/04\/fabianct__Comment_preserver_son_equilibre_mental_dans_un_enviro_14db8d14-5fe8-4a86-8a35-f83a62cf2fa6.webp","contentUrl":"https:\/\/cityspark.be\/wp-content\/uploads\/2026\/04\/fabianct__Comment_preserver_son_equilibre_mental_dans_un_enviro_14db8d14-5fe8-4a86-8a35-f83a62cf2fa6.webp","width":809,"height":809},{"@type":"BreadcrumbList","@id":"https:\/\/cityspark.be\/es\/como-preservar-el-equilibrio-mental-en-un-entorno-activo\/#breadcrumb","itemListElement":[{"@type":"ListItem","position":1,"name":"Home","item":"https:\/\/cityspark.be\/es\/inicio\/"},{"@type":"ListItem","position":2,"name":"C\u00f3mo preservar el equilibrio mental en un entorno activo?"}]},{"@type":"WebSite","@id":"https:\/\/cityspark.be\/es\/#website","url":"https:\/\/cityspark.be\/es\/","name":"CitySpark.be","description":"","publisher":{"@id":"https:\/\/cityspark.be\/es\/#organization"},"potentialAction":[{"@type":"SearchAction","target":{"@type":"EntryPoint","urlTemplate":"https:\/\/cityspark.be\/es\/?s={search_term_string}"},"query-input":{"@type":"PropertyValueSpecification","valueRequired":true,"valueName":"search_term_string"}}],"inLanguage":"es"},{"@type":"Organization","@id":"https:\/\/cityspark.be\/es\/#organization","name":"CitySpark.be","url":"https:\/\/cityspark.be\/es\/","logo":{"@type":"ImageObject","inLanguage":"es","@id":"https:\/\/cityspark.be\/es\/#\/schema\/logo\/image\/","url":"https:\/\/cityspark.be\/wp-content\/uploads\/2026\/02\/fabianct__2D_abstract_logo_symbol_for_an_urban_lifestyle_brand._df539af6-43e6-40a2-b315-b0356e0de4d1-removebg-preview.png","contentUrl":"https:\/\/cityspark.be\/wp-content\/uploads\/2026\/02\/fabianct__2D_abstract_logo_symbol_for_an_urban_lifestyle_brand._df539af6-43e6-40a2-b315-b0356e0de4d1-removebg-preview.png","width":500,"height":500,"caption":"CitySpark.be"},"image":{"@id":"https:\/\/cityspark.be\/es\/#\/schema\/logo\/image\/"}},{"@type":"Person","@id":"https:\/\/cityspark.be\/es\/#\/schema\/person\/acaa292fa54e45a68615511970ad7a1a","name":"info@kwizera.bi","image":{"@type":"ImageObject","inLanguage":"es","@id":"https:\/\/cityspark.be\/es\/#\/schema\/person\/image\/","url":"https:\/\/secure.gravatar.com\/avatar\/4b255983682351b7e77d4eac407a99eba8ae0c62610677afbc95111e673d4af9?s=96&d=mm&r=g","contentUrl":"https:\/\/secure.gravatar.com\/avatar\/4b255983682351b7e77d4eac407a99eba8ae0c62610677afbc95111e673d4af9?s=96&d=mm&r=g","caption":"info@kwizera.bi"},"url":"https:\/\/cityspark.be\/es\/author\/infokwizera-bi\/"}]}},"_links":{"self":[{"href":"https:\/\/cityspark.be\/es\/wp-json\/wp\/v2\/posts\/374","targetHints":{"allow":["GET"]}}],"collection":[{"href":"https:\/\/cityspark.be\/es\/wp-json\/wp\/v2\/posts"}],"about":[{"href":"https:\/\/cityspark.be\/es\/wp-json\/wp\/v2\/types\/post"}],"author":[{"embeddable":true,"href":"https:\/\/cityspark.be\/es\/wp-json\/wp\/v2\/users\/2"}],"replies":[{"embeddable":true,"href":"https:\/\/cityspark.be\/es\/wp-json\/wp\/v2\/comments?post=374"}],"version-history":[{"count":1,"href":"https:\/\/cityspark.be\/es\/wp-json\/wp\/v2\/posts\/374\/revisions"}],"predecessor-version":[{"id":378,"href":"https:\/\/cityspark.be\/es\/wp-json\/wp\/v2\/posts\/374\/revisions\/378"}],"wp:featuredmedia":[{"embeddable":true,"href":"https:\/\/cityspark.be\/es\/wp-json\/wp\/v2\/media\/376"}],"wp:attachment":[{"href":"https:\/\/cityspark.be\/es\/wp-json\/wp\/v2\/media?parent=374"}],"wp:term":[{"taxonomy":"category","embeddable":true,"href":"https:\/\/cityspark.be\/es\/wp-json\/wp\/v2\/categories?post=374"},{"taxonomy":"post_tag","embeddable":true,"href":"https:\/\/cityspark.be\/es\/wp-json\/wp\/v2\/tags?post=374"}],"curies":[{"name":"wp","href":"https:\/\/api.w.org\/{rel}","templated":true}]}}